{"id":302,"date":"2024-09-30T17:14:52","date_gmt":"2024-09-30T15:14:52","guid":{"rendered":"https:\/\/radiopsb.com\/?p=302"},"modified":"2024-09-30T17:14:52","modified_gmt":"2024-09-30T15:14:52","slug":"ny-plata-ludwig-hart-stay-young","status":"publish","type":"post","link":"https:\/\/radiopsb.com\/index.php\/2024\/09\/30\/ny-plata-ludwig-hart-stay-young\/","title":{"rendered":"N\u00fd plata: Ludwig Hart &#8211; Stay Young"},"content":{"rendered":"<div class=\"presented-response-container ng-tns-c2720455750-103\">\n<div class=\"response-container-content ng-tns-c2720455750-103 tunable-selection-with-avatar\">\n<div class=\"response-content ng-tns-c2720455750-103\">\n<div class=\"markdown markdown-main-panel\" dir=\"ltr\">\n<p class=\"first-token\" data-sourcepos=\"1:1-1:16\">Ludwig Hart, sem hefur me\u00f0 s\u00ednum tveimur fyrstu pl\u00f6tum or\u00f0i\u00f0 fremstur \u00ed klass\u00edskri bandar\u00edskri rokkt\u00f3nlist, gaf n\u00fdveri\u00f0 \u00fat l\u00f6g me\u00f0 enn st\u00e6rra hlj\u00f3\u00f0i en \u00e1 annari pl\u00f6tu sinni \u201ePaloma\u201c fr\u00e1 2021. Lagi\u00f0 \u201eLess I Try\u201c hefur veri\u00f0 hva\u00f0 vins\u00e6last \u00ed Sv\u00ed\u00fej\u00f3\u00f0 \u00ed \u00e1r.<br \/>\nHart hefur komi\u00f0 fram \u00ed sj\u00f3nvarpi, fari\u00f0 \u00ed t\u00f3nleikafer\u00f0 og spila\u00f0 \u00e1 st\u00e6rstu h\u00e1t\u00ed\u00f0um Sv\u00ed\u00fej\u00f3\u00f0ar \u00feessa \u00e1rs, 2024.<\/p>\n<p data-sourcepos=\"3:1-3:330\">\u00c1 \u00feessari \u00feri\u00f0ju pl\u00f6tu sinni \u201eStay Young\u201c s\u00fdnir Hart auki\u00f0 frelsi \u00ed ger\u00f0 laganna og st\u00edl. L\u00f6gum og textum \u00feessarar pl\u00f6tu m\u00e6tti l\u00fdsa sem unglegum, vonr\u00edkum og lifandi og lagasm\u00ed\u00f0in er sterk \u00e1n \u00feess a\u00f0 tapa t\u00f3nlistarmannskapnum og lifandi tilfinningunni sem hefur einkennt t\u00f3nlist hans.<\/p>\n<p data-sourcepos=\"3:1-3:330\">\n\u201eVi\u00f0 reyndum a\u00f0 gera hlutina \u00f6\u00f0ruv\u00edsi,\u201c segir Hart. \u201eStefndum h\u00e1tt og leyf\u00f0um g\u00f6llum \u00ed framlei\u00f0slunni a\u00f0 heyr\u00f0ust. Vi\u00f0 t\u00f3kum allt upp lifandi og \u00fea\u00f0 skipti m\u00e1li.\u201c<\/p>\n<p data-sourcepos=\"7:1-7:135\">\u00c1 fyrri pl\u00f6tum hefur Hart veri\u00f0 lofa\u00f0ur fyrir pers\u00f3nulegu textana. \u00c1 n\u00fdju pl\u00f6tunni, \u201eStay Young\u201c sn\u00fdr hann inn \u00e1 vi\u00f0 og horfist \u00ed augu vi\u00f0 eigin \u00f3tta.<\/p>\n<p data-sourcepos=\"9:1-9:322\">\u201e<em>\u00deetta hefur veri\u00f0 \u00f6gn \u00f3gnvekjandi en nau\u00f0synlegt ferli. Platan fjallar um \u00f3tta minn vi\u00f0 a\u00f0 eldast, \u00f3ttann vi\u00f0 a\u00f0 enda eins og pabbi minn. H\u00fan fjallar um hvernig \u00e9g hef reynt a\u00f0 b\u00e6la ni\u00f0ur hluti sem \u00e9g hef gengi\u00f0 \u00ed gegnum. \u00c9g b\u00fd me\u00f0 draugum sem vir\u00f0ast aldrei vilja sleppa. \u00deessi plata hefur hj\u00e1lpa\u00f0 m\u00e9r a\u00f0 reyna a\u00f0 skilja hvers vegna<\/em>.\u201c<\/p>\n<p data-sourcepos=\"11:1-11:164\">Fr\u00e1 frumraun sinni hefur Hart byggt upp trygg\u00f0an a\u00f0d\u00e1endah\u00f3p. L\u00f6g eins og \u201e<strong>Purpose of Love<\/strong>\u201c, \u201e<strong>Stuck On You<\/strong>\u201c og \u201e<strong>Violent Words of Love<\/strong>\u201c hafa fest sig \u00ed minni margra.<\/p>\n<p data-sourcepos=\"13:1-13:124\">Platan \u201e<strong>Stay Young<\/strong>\u201c kom \u00fat 27. september og \u00fea\u00f0 er h\u00e6gt a\u00f0 hlusta \u00e1 hana \u00e1 <a href=\"https:\/\/open.spotify.com\/album\/3ClO0kTio3jxicICq3gQ79?si=aWfSXhVoTwyXb6lKHY3haQ\" target=\"_blank\" rel=\"noopener\">Spotify<\/a>.<\/p>\n<\/div>\n<\/div>\n<\/div>\n<\/div>\n","protected":false},"excerpt":{"rendered":"<p>Ludwig Hart, sem hefur me\u00f0 s\u00ednum tveimur fyrstu pl\u00f6tum or\u00f0i\u00f0 fremstur \u00ed klass\u00edskri bandar\u00edskri rokkt\u00f3nlist, gaf n\u00fdveri\u00f0 \u00fat l\u00f6g me\u00f0 enn st\u00e6rra hlj\u00f3\u00f0i en \u00e1 annari pl\u00f6tu sinni \u201ePaloma\u201c fr\u00e1 2021. Lagi\u00f0 \u201eLess I Try\u201c hefur veri\u00f0 hva\u00f0 vins\u00e6last \u00ed Sv\u00ed\u00fej\u00f3\u00f0 \u00ed \u00e1r. Hart hefur komi\u00f0 fram \u00ed sj\u00f3nvarpi, fari\u00f0 \u00ed t\u00f3nleikafer\u00f0 og spila\u00f0 \u00e1 [&hellip;]<\/p>\n","protected":false},"author":1,"featured_media":303,"comment_status":"closed","ping_status":"open","sticky":false,"template":"","format":"standard","meta":{"jetpack_post_was_ever_published":false,"_jetpack_newsletter_access":"","_jetpack_dont_email_post_to_subs":false,"_jetpack_newsletter_tier_id":0,"_jetpack_memberships_contains_paywalled_content":false,"_jetpack_memberships_contains_paid_content":false,"footnotes":""},"categories":[11],"tags":[],"class_list":["post-302","post","type-post","status-publish","format-standard","has-post-thumbnail","hentry","category-erlend-tonlist"],"jetpack_featured_media_url":"https:\/\/radiopsb.com\/wp-content\/uploads\/2024\/09\/Ludwig-Hart-Stay-young.jpg","jetpack_sharing_enabled":true,"_links":{"self":[{"href":"https:\/\/radiopsb.com\/index.php\/wp-json\/wp\/v2\/posts\/302","targetHints":{"allow":["GET"]}}],"collection":[{"href":"https:\/\/radiopsb.com\/index.php\/wp-json\/wp\/v2\/posts"}],"about":[{"href":"https:\/\/radiopsb.com\/index.php\/wp-json\/wp\/v2\/types\/post"}],"author":[{"embeddable":true,"href":"https:\/\/radiopsb.com\/index.php\/wp-json\/wp\/v2\/users\/1"}],"replies":[{"embeddable":true,"href":"https:\/\/radiopsb.com\/index.php\/wp-json\/wp\/v2\/comments?post=302"}],"version-history":[{"count":2,"href":"https:\/\/radiopsb.com\/index.php\/wp-json\/wp\/v2\/posts\/302\/revisions"}],"predecessor-version":[{"id":305,"href":"https:\/\/radiopsb.com\/index.php\/wp-json\/wp\/v2\/posts\/302\/revisions\/305"}],"wp:featuredmedia":[{"embeddable":true,"href":"https:\/\/radiopsb.com\/index.php\/wp-json\/wp\/v2\/media\/303"}],"wp:attachment":[{"href":"https:\/\/radiopsb.com\/index.php\/wp-json\/wp\/v2\/media?parent=302"}],"wp:term":[{"taxonomy":"category","embeddable":true,"href":"https:\/\/radiopsb.com\/index.php\/wp-json\/wp\/v2\/categories?post=302"},{"taxonomy":"post_tag","embeddable":true,"href":"https:\/\/radiopsb.com\/index.php\/wp-json\/wp\/v2\/tags?post=302"}],"curies":[{"name":"wp","href":"https:\/\/api.w.org\/{rel}","templated":true}]}}