{"id":467,"date":"2024-11-01T13:16:31","date_gmt":"2024-11-01T11:16:31","guid":{"rendered":"https:\/\/radiopsb.com\/?p=467"},"modified":"2024-11-01T13:16:31","modified_gmt":"2024-11-01T11:16:31","slug":"bubbi-morthens-gefur-ut-nyja-plotu-dansadu","status":"publish","type":"post","link":"https:\/\/radiopsb.com\/index.php\/2024\/11\/01\/bubbi-morthens-gefur-ut-nyja-plotu-dansadu\/","title":{"rendered":"Bubbi Morthens gefur \u00fat n\u00fdja pl\u00f6tu &#8211; Dansa\u00f0u"},"content":{"rendered":"<p data-sourcepos=\"3:1-3:282\">Bubbi Morthens, einn \u00feekktasti t\u00f3nlistarma\u00f0ur \u00cdslands, var a\u00f0 gefa \u00fat n\u00fdja pl\u00f6tu, <strong>Dansa\u00f0u<\/strong>. Platan, sem hefur veri\u00f0 \u00ed b\u00edger\u00f0 \u00ed nokkurn t\u00edma, er unnin me\u00f0 pr\u00f3d\u00fasentinum Arnari Gu\u00f0j\u00f3nssyni. H\u00fan ber me\u00f0 s\u00e9r t\u00f6luver\u00f0 \u00e1hrif fr\u00e1 popp- og rokkt\u00f3nlist 8. \u00e1ratugarins og disk\u00f3t\u00edmabilinu.<\/p>\n<p data-sourcepos=\"5:1-5:325\">Bubbi, f\u00e6ddur 6. j\u00fan\u00ed 1956, er \u00feekktur fyrir \u00e1str\u00ed\u00f0ufulla flutning sinn og texta sem fjalla oft um samf\u00e9lagsleg m\u00e1lefni. Hann hefur sami\u00f0 og flutt fj\u00f6lda laga \u00ed gegnum t\u00ed\u00f0ina, b\u00e6\u00f0i me\u00f0 hlj\u00f3msveitum \u00e1 bor\u00f0 vi\u00f0 Utangar\u00f0smenn og Eg\u00f3, og sem solo listama\u00f0ur. Me\u00f0al \u00feekktustu laga hans eru &#8220;\u00cdsbjarnarbl\u00fas&#8221; og &#8220;Fj\u00f6llin hafa vaka\u00f0&#8221;.<\/p>\n<p data-sourcepos=\"7:1-7:178\">\u00c1 n\u00fdju pl\u00f6tunni m\u00e1 heyra Bubba syngja lagi\u00f0 &#8220;F\u00f6st milli glerja&#8221; me\u00f0 El\u00ednu Hall. Fyrir pl\u00f6tu\u00fatg\u00e1funa komu einnig \u00fat sm\u00e1sk\u00edfurnar &#8220;Dansa\u00f0u&#8221;, &#8220;Tveir tveir fj\u00f3rir&#8221; og &#8220;\u00c1starvalsinn&#8221;.<\/p>\n<p data-sourcepos=\"9:1-9:33\"><strong>Hlj\u00f3\u00f0f\u00e6raleikarar \u00e1 pl\u00f6tunni:<\/strong><\/p>\n<ul data-sourcepos=\"11:1-17:0\">\n<li data-sourcepos=\"11:1-11:28\">Bubbi \u2013 Kassag\u00edtar, s\u00f6ngur<\/li>\n<li data-sourcepos=\"12:1-12:118\">Arnar Gu\u00f0j\u00f3nsson \u2013 Trommur, slagverk, bassi, g\u00edtarar, hlj\u00f3mbor\u00f0., fi\u00f0la, sell\u00f3, p\u00edan\u00f3, drum programming og bakraddir<\/li>\n<li data-sourcepos=\"13:1-13:24\">Jens Lindg\u00e5rd \u2013 b\u00e1s\u00fana<\/li>\n<li data-sourcepos=\"14:1-14:27\">Petter Lindg\u00e5rd \u2013 Trompet<\/li>\n<li data-sourcepos=\"15:1-15:40\">St\u00falknak\u00f3r F\u00e9lagar \u00far Aurora Kammerk\u00f3r<\/li>\n<li data-sourcepos=\"16:1-17:0\">El\u00edn Hall \u2013 S\u00f6ngur<\/li>\n<\/ul>\n<p data-sourcepos=\"18:1-18:76\">Platan var tekin upp \u00ed Aeronaut Studios \u00ed Reykjav\u00edk og Gula Studion \u00ed Malm\u00f6.<\/p>\n<p data-sourcepos=\"18:1-18:76\">Platan \u00e1 <a href=\"https:\/\/music.apple.com\/us\/album\/dansa%C3%B0u\/1764588316\" target=\"_blank\" rel=\"noopener\">Apple Music<\/a>.<\/p>\n","protected":false},"excerpt":{"rendered":"<p>Bubbi Morthens, einn \u00feekktasti t\u00f3nlistarma\u00f0ur \u00cdslands, var a\u00f0 gefa \u00fat n\u00fdja pl\u00f6tu, Dansa\u00f0u. Platan, sem hefur veri\u00f0 \u00ed b\u00edger\u00f0 \u00ed nokkurn t\u00edma, er unnin me\u00f0 pr\u00f3d\u00fasentinum Arnari Gu\u00f0j\u00f3nssyni. H\u00fan ber me\u00f0 s\u00e9r t\u00f6luver\u00f0 \u00e1hrif fr\u00e1 popp- og rokkt\u00f3nlist 8. \u00e1ratugarins og disk\u00f3t\u00edmabilinu. Bubbi, f\u00e6ddur 6. j\u00fan\u00ed 1956, er \u00feekktur fyrir \u00e1str\u00ed\u00f0ufulla flutning sinn og texta [&hellip;]<\/p>\n","protected":false},"author":1,"featured_media":468,"comment_status":"closed","ping_status":"open","sticky":false,"template":"","format":"standard","meta":{"jetpack_post_was_ever_published":false,"_jetpack_newsletter_access":"","_jetpack_dont_email_post_to_subs":false,"_jetpack_newsletter_tier_id":0,"_jetpack_memberships_contains_paywalled_content":false,"_jetpack_memberships_contains_paid_content":false,"footnotes":""},"categories":[1],"tags":[],"class_list":["post-467","post","type-post","status-publish","format-standard","has-post-thumbnail","hentry","category-islensk-tonlist"],"jetpack_featured_media_url":"https:\/\/radiopsb.com\/wp-content\/uploads\/2024\/11\/bubbidansadu.jpg","jetpack_sharing_enabled":true,"_links":{"self":[{"href":"https:\/\/radiopsb.com\/index.php\/wp-json\/wp\/v2\/posts\/467","targetHints":{"allow":["GET"]}}],"collection":[{"href":"https:\/\/radiopsb.com\/index.php\/wp-json\/wp\/v2\/posts"}],"about":[{"href":"https:\/\/radiopsb.com\/index.php\/wp-json\/wp\/v2\/types\/post"}],"author":[{"embeddable":true,"href":"https:\/\/radiopsb.com\/index.php\/wp-json\/wp\/v2\/users\/1"}],"replies":[{"embeddable":true,"href":"https:\/\/radiopsb.com\/index.php\/wp-json\/wp\/v2\/comments?post=467"}],"version-history":[{"count":3,"href":"https:\/\/radiopsb.com\/index.php\/wp-json\/wp\/v2\/posts\/467\/revisions"}],"predecessor-version":[{"id":471,"href":"https:\/\/radiopsb.com\/index.php\/wp-json\/wp\/v2\/posts\/467\/revisions\/471"}],"wp:featuredmedia":[{"embeddable":true,"href":"https:\/\/radiopsb.com\/index.php\/wp-json\/wp\/v2\/media\/468"}],"wp:attachment":[{"href":"https:\/\/radiopsb.com\/index.php\/wp-json\/wp\/v2\/media?parent=467"}],"wp:term":[{"taxonomy":"category","embeddable":true,"href":"https:\/\/radiopsb.com\/index.php\/wp-json\/wp\/v2\/categories?post=467"},{"taxonomy":"post_tag","embeddable":true,"href":"https:\/\/radiopsb.com\/index.php\/wp-json\/wp\/v2\/tags?post=467"}],"curies":[{"name":"wp","href":"https:\/\/api.w.org\/{rel}","templated":true}]}}