{"id":925,"date":"2025-05-21T18:15:28","date_gmt":"2025-05-21T16:15:28","guid":{"rendered":"https:\/\/radiopsb.com\/?p=925"},"modified":"2025-05-21T18:16:38","modified_gmt":"2025-05-21T16:16:38","slug":"hjalmar-morgunodur","status":"publish","type":"post","link":"https:\/\/radiopsb.com\/index.php\/2025\/05\/21\/hjalmar-morgunodur\/","title":{"rendered":"Hj\u00e1lmar &#8211; Morgun\u00f3\u00f0ur"},"content":{"rendered":"<p>Hlj\u00f3msveitin Hj\u00e1lmar gefur \u00fat n\u00fdtt lag.<\/p>\n<p><img fetchpriority=\"high\" decoding=\"async\" class=\"alignnone wp-image-926\" src=\"https:\/\/radiopsb.com\/wp-content\/uploads\/2025\/05\/Hjalmar-Morgunodur-300x300.jpg\" alt=\"\" width=\"392\" height=\"392\" srcset=\"https:\/\/radiopsb.com\/wp-content\/uploads\/2025\/05\/Hjalmar-Morgunodur-300x300.jpg 300w, https:\/\/radiopsb.com\/wp-content\/uploads\/2025\/05\/Hjalmar-Morgunodur-1024x1024.jpg 1024w, https:\/\/radiopsb.com\/wp-content\/uploads\/2025\/05\/Hjalmar-Morgunodur-150x150.jpg 150w, https:\/\/radiopsb.com\/wp-content\/uploads\/2025\/05\/Hjalmar-Morgunodur-768x767.jpg 768w, https:\/\/radiopsb.com\/wp-content\/uploads\/2025\/05\/Hjalmar-Morgunodur-1536x1534.jpg 1536w, https:\/\/radiopsb.com\/wp-content\/uploads\/2025\/05\/Hjalmar-Morgunodur.jpg 1723w\" sizes=\"(max-width: 392px) 100vw, 392px\" \/><\/p>\n<p dir=\"ltr\" style=\"text-align: left;\"><span style=\"color: #333333;\">N\u00fdtt lag fr\u00e1 Hj\u00e1lmum \u2013\u00a0Morgun\u00f3\u00f0ur\u00a0kemur \u00fat 23. ma\u00ed<\/span><\/p>\n<p dir=\"ltr\" style=\"text-align: left;\"><span style=\"color: #333333;\">Hinn \u00e1sts\u00e6li hlj\u00f3msveitarh\u00f3pur\u00a0Hj\u00e1lmar\u00a0fagnar sumrinu me\u00f0 \u00fatg\u00e1fu n\u00fds lags,\u00a0Morgun\u00f3\u00f0ur, sem kemur \u00fat f\u00f6studaginn 23. ma\u00ed. Lagi\u00f0 er eftir\u00a0\u00deorstein Einarsson, sem syngur og leikur \u00e1 g\u00edtar \u00ed laginu.<\/span><\/p>\n<p dir=\"ltr\" style=\"text-align: left;\"><span style=\"color: #333333;\">Morgun\u00f3\u00f0ur er upplyftandi morgunkve\u00f0ja sem fangar kjarnann \u00ed \u00fev\u00ed sem Hj\u00e1lmar hafa sta\u00f0i\u00f0 fyrir fr\u00e1 upphafi \u2013 hl\u00fdja t\u00f3na, vanda\u00f0a textager\u00f0 og fyrsta flokks hlj\u00f3\u00f0f\u00e6raleik.<\/span><\/p>\n<p dir=\"ltr\" style=\"text-align: left;\"><span style=\"color: #333333;\">Hj\u00e1lmar \u00ed \u00feessu lagi eru:<br \/>\n<\/span><span style=\"color: #333333;\">\u00deorsteinn Einarsson \u2013 S\u00f6ngur, g\u00edtar<br \/>\n<\/span><span style=\"color: #333333;\">Sigur\u00f0ur Gu\u00f0mundsson \u2013 Hlj\u00f3mbor\u00f0, raddir<br \/>\n<\/span><span style=\"color: #333333;\">Gu\u00f0mundur Kristinn J\u00f3nsson \u2013 G\u00edtar<br \/>\n<\/span><span style=\"color: #333333;\">Valdimar Kolbeinn Sigurj\u00f3nsson \u2013 Bassi<br \/>\n<\/span><span style=\"color: #333333;\">Helgi Svavar Helgason \u2013 Trommur<\/span><\/p>\n<p dir=\"ltr\" style=\"text-align: left;\"><span style=\"color: #333333;\">S\u00e9rstakir gestir:<br \/>\n<\/span><span style=\"color: #333333;\">\u00d3skar Gu\u00f0j\u00f3nsson \u2013 Sax\u00f3f\u00f3nn<br \/>\n<\/span><span style=\"color: #333333;\">Eir\u00edkur Orri \u00d3lafsson \u2013 Trompet<br \/>\n<\/span><span style=\"color: #333333;\">Rakel Sigur\u00f0ard\u00f3ttir \u2013 Raddir<\/span><\/p>\n<p dir=\"ltr\" style=\"text-align: left;\"><span style=\"color: #333333;\">Gestur Sveinsson, Gu\u00f0mundur Kristinn J\u00f3nsson og Sigur\u00f0ur Gu\u00f0mundsson\u00a0s\u00e1 um uppt\u00f6kur, hlj\u00f3\u00f0bl\u00f6ndun og hlj\u00f3mj\u00f6fnun. Uppt\u00f6kur f\u00f3ru fram \u00ed\u00a0Fl\u00f3ka,\u00a0Hlj\u00f3\u00f0rita\u00a0og\u00a0Skammarkr\u00f3knum.<\/span><\/p>\n<p dir=\"ltr\" style=\"text-align: left;\"><span style=\"color: #333333;\">Morgun\u00f3\u00f0ur\u00a0ver\u00f0ur f\u00e1anlegt \u00e1 \u00f6llum helstu streymisveitum fr\u00e1 og me\u00f0 23. ma\u00ed.<\/span><\/p>\n","protected":false},"excerpt":{"rendered":"<p>Hlj\u00f3msveitin Hj\u00e1lmar gefur \u00fat n\u00fdtt lag. N\u00fdtt lag fr\u00e1 Hj\u00e1lmum \u2013\u00a0Morgun\u00f3\u00f0ur\u00a0kemur \u00fat 23. ma\u00ed Hinn \u00e1sts\u00e6li hlj\u00f3msveitarh\u00f3pur\u00a0Hj\u00e1lmar\u00a0fagnar sumrinu me\u00f0 \u00fatg\u00e1fu n\u00fds lags,\u00a0Morgun\u00f3\u00f0ur, sem kemur \u00fat f\u00f6studaginn 23. ma\u00ed. Lagi\u00f0 er eftir\u00a0\u00deorstein Einarsson, sem syngur og leikur \u00e1 g\u00edtar \u00ed laginu. Morgun\u00f3\u00f0ur er upplyftandi morgunkve\u00f0ja sem fangar kjarnann \u00ed \u00fev\u00ed sem Hj\u00e1lmar hafa sta\u00f0i\u00f0 fyrir fr\u00e1 [&hellip;]<\/p>\n","protected":false},"author":1,"featured_media":926,"comment_status":"closed","ping_status":"open","sticky":false,"template":"","format":"standard","meta":{"jetpack_post_was_ever_published":false,"_jetpack_newsletter_access":"","_jetpack_dont_email_post_to_subs":false,"_jetpack_newsletter_tier_id":0,"_jetpack_memberships_contains_paywalled_content":false,"_jetpack_memberships_contains_paid_content":false,"footnotes":""},"categories":[1],"tags":[],"class_list":["post-925","post","type-post","status-publish","format-standard","has-post-thumbnail","hentry","category-islensk-tonlist"],"jetpack_featured_media_url":"https:\/\/radiopsb.com\/wp-content\/uploads\/2025\/05\/Hjalmar-Morgunodur.jpg","jetpack_sharing_enabled":true,"_links":{"self":[{"href":"https:\/\/radiopsb.com\/index.php\/wp-json\/wp\/v2\/posts\/925","targetHints":{"allow":["GET"]}}],"collection":[{"href":"https:\/\/radiopsb.com\/index.php\/wp-json\/wp\/v2\/posts"}],"about":[{"href":"https:\/\/radiopsb.com\/index.php\/wp-json\/wp\/v2\/types\/post"}],"author":[{"embeddable":true,"href":"https:\/\/radiopsb.com\/index.php\/wp-json\/wp\/v2\/users\/1"}],"replies":[{"embeddable":true,"href":"https:\/\/radiopsb.com\/index.php\/wp-json\/wp\/v2\/comments?post=925"}],"version-history":[{"count":2,"href":"https:\/\/radiopsb.com\/index.php\/wp-json\/wp\/v2\/posts\/925\/revisions"}],"predecessor-version":[{"id":928,"href":"https:\/\/radiopsb.com\/index.php\/wp-json\/wp\/v2\/posts\/925\/revisions\/928"}],"wp:featuredmedia":[{"embeddable":true,"href":"https:\/\/radiopsb.com\/index.php\/wp-json\/wp\/v2\/media\/926"}],"wp:attachment":[{"href":"https:\/\/radiopsb.com\/index.php\/wp-json\/wp\/v2\/media?parent=925"}],"wp:term":[{"taxonomy":"category","embeddable":true,"href":"https:\/\/radiopsb.com\/index.php\/wp-json\/wp\/v2\/categories?post=925"},{"taxonomy":"post_tag","embeddable":true,"href":"https:\/\/radiopsb.com\/index.php\/wp-json\/wp\/v2\/tags?post=925"}],"curies":[{"name":"wp","href":"https:\/\/api.w.org\/{rel}","templated":true}]}}